{"id":513,"date":"2024-02-28T14:21:32","date_gmt":"2024-02-28T14:21:32","guid":{"rendered":"https:\/\/buenapinta.es\/creativo\/?p=513"},"modified":"2024-12-09T08:58:21","modified_gmt":"2024-12-09T08:58:21","slug":"sobre-el-derecho-de-los-menores-al-sufragio","status":"publish","type":"post","link":"https:\/\/buenapinta.es\/creativo\/sobre-el-derecho-de-los-menores-al-sufragio\/","title":{"rendered":"Sobre el derecho de los menores al sufragio"},"content":{"rendered":"<p>Muchos Estados se atribuyen un sistema democr\u00e1tico asentado sobre elecciones con sufragio universal. Pero no lo tienen y lo saben.<\/p>\n<p>La forma en que se eligen los cargos representativos del pueblo, \u201cthe people\u201d, tiene muchas variantes pero en los Estados que abrazan (o achuchan) la democracia como sistema se impone el sufragio, de facto, censitario. Cribado, no absoluto.<\/p>\n<p>&nbsp;<\/p>\n<p><strong>Sufragio censitario: t\u00fa s\u00ed, t\u00fa no\u2026<\/strong><\/p>\n<p>Lejos queda el sufragio censitario basado en dar el derecho a voto a quienes tuvieran un cierto nivel de renta o patrimonio. Pero, como sucede en Espa\u00f1a, o apareces en el censo electoral, o ni puedes votar (sufragio activo), ni puedes ser elegido (sufragio pasivo). Adem\u00e1s, debes formar parte de un partido pol\u00edtico ya representado, de una lista para presentarte a ciertos comicios. Doble censo. Ser elegible y ser \u201cde los nuestros\u201d. O ser capaz de recoger firmas a tutipl\u00e9n. \u00bfY c\u00f3mo entro en el censo electoral? Si eres menor, no entras. Est\u00e1s <a href=\"https:\/\/infoelectoral.interior.gob.es\/es\/proceso-electoral\/el-derecho-de-sufragio\/\" target=\"_blank\" rel=\"noopener\">fuera<\/a>.<\/p>\n<p>&nbsp;<\/p>\n<p><strong>Sufragio universal: un derecho sin peros\u2026<\/strong><\/p>\n<p>En estas, llevo a\u00f1os predicando por el voto universal real y las listas abiertas. Es decir, que toda persona disponga de un voto, independientemente de su edad, procedencia, raza, sexo, formaci\u00f3n, creencias o condici\u00f3n social\u2026 Dicho as\u00ed suena bien a todo el mundo, pero no tardan en surgir los \u201cpero\u2026\u201d.<\/p>\n<p>Rebatir los argumentos que se me lanzan para replicar es acceder a que tienen alguna validez de fondo, cuando no la tienen. Me explico.<\/p>\n<p>Si alguien me dice: \u201cpero, \u00bfy los ni\u00f1os?\u201d, suelo contestar que los ni\u00f1os tambi\u00e9n, claro, que son seres humanos, habitantes y que lo l\u00f3gico, lo justo, es que tengan el mismo derecho al sufragio que todos los dem\u00e1s. Inmediatamente surge otro \u201cpero\u201d\u2026 \u201cpero, \u00bfla madurez para votar?\u201d.<\/p>\n<p>La madurez para votar es algo que usaban los reyes contra la capacidad de sus nobles, los nobles y gentes de posibles contra los pobres, los supremacistas contra otras razas y los machistas contra las mujeres. Pero en todo este tiempo, en dos siglos y pico en algunos territorios, a nadie le ha dado por poner un examen para demostrar si tenemos madurez para votar. Quiz\u00e1 es para evitar que vi\u00e9ramos que suspend\u00edan muchos de esos se\u00f1ores tan ilustres y tan sabios que supuestamente decid\u00edan por el bien de todos.<\/p>\n<p>As\u00ed que puestos a que nadie pasa un examen, \u00bfpor qu\u00e9 no se les da a todos los ciudadanos el derecho al sufragio? S\u00ed, tambi\u00e9n a todos los menores de edad.<\/p>\n<p>En esta fase de la conversaci\u00f3n, y descartando bebidas espirituosas que todo lo nublan, suele surgir lo que llamo: \u201cargumentos operativos contra el voto infantil\u201d\u2026 tipo:<\/p>\n<p>\u201c\u00bfC\u00f3mo va a votar un beb\u00e9 de un a\u00f1o?\u201d Pues igual que hereda o compra y vende, para eso tiene tutores si es necesario. \u201cY si no llegan a la urna\u201d, Se les eleva, igual que les elevan a pilas bautismales.<\/p>\n<p>En paralelo suele surgir una profunda preocupaci\u00f3n por el resultado de elecciones si todos los ciudadanos votasen.<\/p>\n<p>\u201cPero si votan por \u00e9l, al final votan los tutores\u2026\u201d Este argumento es curioso, porque con los dem\u00e1s ciudadanos raramente se cuestiona la independencia del voto. Si acaso algunos comentarios respecto a gente mayor, dependientes o en general miembros de ciertas familias. Como si la din\u00e1mica de votar de cualquier otro ciudadano, no se viera influida por el entorno. Hasta comidas de empresa se han montado para asegurar que los trabajadores supieran qu\u00e9 votar. Si son menores y sus tutores votan por ellos, por lo menos votan. Ahora no tienen derecho a hacerlo.<\/p>\n<p>\u201cPero si votan los menores, lo mismo gana cualquier idiota\u2026\u201d Claro, porque ahora s\u00f3lo est\u00e1n ganando elecciones la representaci\u00f3n m\u00e1s culta y capacitada de cada sociedad mundial (es iron\u00eda). Si acaso hemos visto a lo m\u00e1s florido del abanico. Con lustrosas excepciones, que se suelen intentan manchar un poco para igualar al resto. Si en unos decenios repasa esto nuestra infancia, que mire qui\u00e9nes hab\u00edan ganado elecciones, refer\u00e9ndums y pseudoelecciones por medio globo y qu\u00e9 hicieron en sus mandatos. Para d\u00f3nde tiraron, a qui\u00e9nes contentaban.<\/p>\n<p><strong>\u00a0<\/strong><\/p>\n<p><strong>La pol\u00edtica ya est\u00e1 infantilizada, lo que toca es universalizarla<\/strong><\/p>\n<p>A qu\u00e9 tenemos miedo, \u00bfa que gane Bluey o Mickey Mouse, o que gane unas elecciones cualquiera que les ofrezca una PlayStation? \u00bfo que pidan que la monarqu\u00eda sea rotatoria y pueda tocarles ser rey, reina, pr\u00edncipe o princesa? \u00bfo que haya que empezar a pensar en los menores como votantes y ofrecer pol\u00edticas que les capten?<\/p>\n<p>Ese tipo de reflexiones sobre el \u201cQu\u00e9 pasar\u00eda si le damos un derecho a estas personas\u2026\u201d atrofian el derecho. De momento, lo que sucede es que se nos quita un derecho durante buena parte de nuestra vida y la explicaci\u00f3n de por qu\u00e9, es al menos muy difusa. No tendr\u00eda ni que justificar que quiero ese derecho. Como no justificamos el derecho a la salud o la vida argumentando para qu\u00e9 la quiero o qu\u00e9 voy a hacer con ella. Y nos dicen que no nos preocupemos, que cuando tengamos la edad legal ya entonces s\u00ed. O m\u00e1s bien, que da igual.<\/p>\n<p>&nbsp;<\/p>\n<p><strong>Cr\u00edan como conejos, el concepto<\/strong><\/p>\n<p>Uno de los argumentos que m\u00e1s me llaman la atenci\u00f3n, son los de c\u00e1lculo pol\u00edtico. Por \u00e9pocas en los inicios democr\u00e1ticos calaba la idea de que \u201clos pobres\u201d (clases m\u00e1s bajas) ten\u00edan menos cultura y muchos m\u00e1s hijos. Su derecho estaba condicionado. Suficiente que se consigui\u00f3 el derecho al sufragio como para andar reclamando 6 votos m\u00e1s para su infancia. En otros tiempos, grupos con tinte religioso o pseudoreligioso han asumido esa etiqueta de tener mucha descendencia. Lo curioso es que si sacas este tema con diferencias de varios a\u00f1os, el argumento oscila. \u201cSi le das el voto a los menores, se benefician esos&#8230;\u201d Pero recordemos, un derecho es un derecho. Enfocarnos en qu\u00e9 podr\u00eda pasar universalizando el sufragio, es olvidar todo lo que pas\u00f3, pasa y pasar\u00e1 con votantes \u201cadultos\u201d.<\/p>\n<p><strong>\u00a0<\/strong><\/p>\n<p>A mi juicio, el por qu\u00e9 no tenemos sufragio universal real nos acerca mucho a otras batallas por los derechos civiles. Hay que andar explicando por qu\u00e9 debemos garantizar a todos un derecho que deber\u00edan tener y no tienen. Y esperar que en el proceso no afloren muchos \u201cperos\u201d que nos retraten, para mal, como sociedad.<\/p>\n<p>La pregunta no es qu\u00e9 pasar\u00eda si les damos el derecho a sufragio a los menores, para m\u00ed la pregunta es qu\u00e9 pasar\u00e1, en pa\u00edses cada vez m\u00e1s envejecidos, si no empezamos a pensar realmente en ese grupo demogr\u00e1fico como electores.<\/p>\n<p>&nbsp;<\/p>\n<p>Como sucede siempre, no somos los \u00fanicos en pensar en estas cosas. Para una primera aproximaci\u00f3n, sugerimos:<\/p>\n<p><a href=\"https:\/\/www.eldiario.es\/catalunya\/educacion\/dejad-ninos-voten-participen_1_2667024.html\" target=\"_blank\" rel=\"noopener\">https:\/\/www.eldiario.es\/catalunya\/educacion\/dejad-ninos-voten-participen_1_2667024.html<\/a><\/p>\n<p><a href=\"https:\/\/demos.co.uk\/wp-content\/uploads\/files\/OtherPeoplesChildren.pdf\" target=\"_blank\" rel=\"noopener\">https:\/\/demos.co.uk\/wp-content\/uploads\/files\/OtherPeoplesChildren.pdf<\/a><\/p>\n<p><a href=\"https:\/\/en.wikipedia.org\/wiki\/Demeny_voting\" target=\"_blank\" rel=\"noopener\">https:\/\/en.wikipedia.org\/wiki\/Demeny_voting<\/a><\/p>\n<p><a href=\"https:\/\/ogaraycocheab.wordpress.com\/2015\/07\/18\/sufragio-restringido-todos-son-iguales-ante-la-ley\/\" target=\"_blank\" rel=\"noopener\">https:\/\/ogaraycocheab.wordpress.com\/2015\/07\/18\/sufragio-restringido-todos-son-iguales-ante-la-ley\/<\/a><\/p>\n<p>&nbsp;<\/p>\n<p>Y adem\u00e1s\u2026<\/p>\n<p><img fetchpriority=\"high\" decoding=\"async\" class=\"alignnone wp-image-519 size-full\" src=\"https:\/\/buenapinta.es\/creativo\/wp-content\/uploads\/2024\/02\/Grabado-Typus-Praefectura.jpg\" alt=\"\" width=\"1300\" height=\"867\" srcset=\"https:\/\/buenapinta.es\/creativo\/wp-content\/uploads\/2024\/02\/Grabado-Typus-Praefectura.jpg 1300w, https:\/\/buenapinta.es\/creativo\/wp-content\/uploads\/2024\/02\/Grabado-Typus-Praefectura-300x200.jpg 300w, https:\/\/buenapinta.es\/creativo\/wp-content\/uploads\/2024\/02\/Grabado-Typus-Praefectura-1024x683.jpg 1024w, https:\/\/buenapinta.es\/creativo\/wp-content\/uploads\/2024\/02\/Grabado-Typus-Praefectura-768x512.jpg 768w\" sizes=\"(max-width: 1300px) 100vw, 1300px\" \/><\/p>\n<p>Este grabado del siglo XVI representa un animal fant\u00e1stico con cabezas de diferentes animales que aparecen por su cuerpo. \u201c\u00a1Qu\u00e9 dif\u00edcil es gobernar un Estado diverso!\u201d viene a representar. Nuestra mirada tiene la tentaci\u00f3n de centrarse en el animal. Ojo, no son humanos. Son animales. Necesitan ser pastoreados, domados, alimentados\u2026 Al fondo a la derecha aparece la clave. El grupito, variable por \u00e9pocas y naciones, que considera su responsabilidad domar a la bestia al margen de la bestia. \u201cNo le vas a preguntar a esos bichos, claro, tira de las riendas\u201d. Jefecillos securales y religiosos. O eso dicen.<\/p>\n<p>&nbsp;<\/p>\n<p><em>Autor: Pieter van der Borcht, el Viejo.<\/em> <em>1578. The difficult or ruling over a diverse nation.<\/em><\/p>\n","protected":false},"excerpt":{"rendered":"<p>Muchos Estados se atribuyen un sistema democr\u00e1tico asentado sobre elecciones con sufragio universal. Pero no lo tienen y lo saben. La forma en que se eligen los cargos representativos del pueblo, \u201cthe people\u201d, tiene muchas variantes pero en los Estados que abrazan (o achuchan) la democracia como sistema se impone el sufragio, de facto, censitario. [&hellip;]<\/p>\n","protected":false},"author":1,"featured_media":520,"comment_status":"open","ping_status":"open","sticky":false,"template":"","format":"standard","meta":{"footnotes":""},"categories":[35],"tags":[],"class_list":["post-513","post","type-post","status-publish","format-standard","has-post-thumbnail","hentry","category-actualidad"],"aioseo_notices":[],"_links":{"self":[{"href":"https:\/\/buenapinta.es\/creativo\/wp-json\/wp\/v2\/posts\/513","targetHints":{"allow":["GET"]}}],"collection":[{"href":"https:\/\/buenapinta.es\/creativo\/wp-json\/wp\/v2\/posts"}],"about":[{"href":"https:\/\/buenapinta.es\/creativo\/wp-json\/wp\/v2\/types\/post"}],"author":[{"embeddable":true,"href":"https:\/\/buenapinta.es\/creativo\/wp-json\/wp\/v2\/users\/1"}],"replies":[{"embeddable":true,"href":"https:\/\/buenapinta.es\/creativo\/wp-json\/wp\/v2\/comments?post=513"}],"version-history":[{"count":4,"href":"https:\/\/buenapinta.es\/creativo\/wp-json\/wp\/v2\/posts\/513\/revisions"}],"predecessor-version":[{"id":753,"href":"https:\/\/buenapinta.es\/creativo\/wp-json\/wp\/v2\/posts\/513\/revisions\/753"}],"wp:featuredmedia":[{"embeddable":true,"href":"https:\/\/buenapinta.es\/creativo\/wp-json\/wp\/v2\/media\/520"}],"wp:attachment":[{"href":"https:\/\/buenapinta.es\/creativo\/wp-json\/wp\/v2\/media?parent=513"}],"wp:term":[{"taxonomy":"category","embeddable":true,"href":"https:\/\/buenapinta.es\/creativo\/wp-json\/wp\/v2\/categories?post=513"},{"taxonomy":"post_tag","embeddable":true,"href":"https:\/\/buenapinta.es\/creativo\/wp-json\/wp\/v2\/tags?post=513"}],"curies":[{"name":"wp","href":"https:\/\/api.w.org\/{rel}","templated":true}]}}